{"id":3403,"date":"2026-04-17T10:13:44","date_gmt":"2026-04-17T10:13:44","guid":{"rendered":"https:\/\/www.blnpalao.com\/?p=3403"},"modified":"2026-04-17T10:16:32","modified_gmt":"2026-04-17T10:16:32","slug":"alerta-iva-aprobacion-del-reglamento-de-facturacion-electronica","status":"publish","type":"post","link":"https:\/\/www.blnpalao.com\/en\/alerta-iva-aprobacion-del-reglamento-de-facturacion-electronica\/","title":{"rendered":"VAT ALERT - Spanish E-invoicing Regulation"},"content":{"rendered":"\n[et_pb_section fb_built=\u00bb1&#8243; theme_builder_area=\u00bbpost_content\u00bb _builder_version=\u00bb4.27.6&#8243; _module_preset=\u00bbdefault\u00bb custom_margin=\u00bb0px||||false|false\u00bb custom_padding=\u00bb0px||||false|false\u00bb hover_enabled=\u00bb0&#8243; sticky_enabled=\u00bb0&#8243;][et_pb_row _builder_version=\u00bb4.27.6&#8243; _module_preset=\u00bbdefault\u00bb theme_builder_area=\u00bbpost_content\u00bb hover_enabled=\u00bb0&#8243; sticky_enabled=\u00bb0&#8243;][et_pb_column _builder_version=\u00bb4.27.6&#8243; _module_preset=\u00bbdefault\u00bb type=\u00bb4_4&#8243; theme_builder_area=\u00bbpost_content\u00bb][et_pb_text _builder_version=\u00bb4.27.6&#8243; _module_preset=\u00bbdefault\u00bb theme_builder_area=\u00bbpost_content\u00bb link_option_url=\u00bbhttps:\/\/www.blnpalao.com\/wp-content\/uploads\/2026\/04\/BLN-Nota-informativa-IVA-Facturacion-electronica-vVOR15.04.2026.pdf\u00bb link_option_url_new_window=\u00bbon\u00bb hover_enabled=\u00bb0&#8243; sticky_enabled=\u00bb0&#8243;]<p style=\"text-align: justify;\">El Bolet\u00edn Oficial del Estado (BOE) ha publicado el Real Decreto 238\/2026, de 25 de marzo, por el que se desarrolla el sistema de facturaci\u00f3n electr\u00f3nica obligatoria entre empresarios y profesionales (B2B) y se modifica el Reglamento de facturaci\u00f3n aprobado por el Real Decreto 1619\/2012.<\/p>\n<p style=\"text-align: justify;\">Esta norma constituye el desarrollo reglamentario de la obligaci\u00f3n introducida por la Ley 18\/2022, de creaci\u00f3n y crecimiento de empresas (\u201cLey Crea y Crece\u201d), suponiendo un cambio estructural en el modelo de facturaci\u00f3n en Espa\u00f1a.<\/p>\n<p style=\"text-align: justify;\"><span>En caso de necesitar m\u00e1s informaci\u00f3n al respecto, le rogamos seleccione el siguiente<a href=\"https:\/\/www.blnpalao.com\/wp-content\/uploads\/2026\/04\/BLN-Nota-informativa-IVA-Facturacion-electronica-vVOR15.04.2026.pdf\" target=\"_blank\" rel=\"noopener\" title=\"IVA\"> documento.<\/a><\/span><\/p>[\/et_pb_text][\/et_pb_column][\/et_pb_row][\/et_pb_section]\n","protected":false},"excerpt":{"rendered":"<p>El 31 de marzo de 2026, el Gobierno espa\u00f1ol aprob\u00f3 el Real Decreto 238\/2026, que establece la obligaci\u00f3n de implantar un sistema de facturaci\u00f3n electr\u00f3nica entre empresas (B2B).<\/p>","protected":false},"author":3,"featured_media":3406,"comment_status":"closed","ping_status":"closed","sticky":false,"template":"","format":"standard","meta":{"_et_pb_use_builder":"on","_et_pb_old_content":"","_et_gb_content_width":"","_glsr_average":0,"_glsr_ranking":0,"_glsr_reviews":0,"footnotes":""},"categories":[11,7],"tags":[],"class_list":["post-3403","post","type-post","status-publish","format-standard","has-post-thumbnail","hentry","category-boletin-informativo","category-iva"],"yoast_head":"<!-- This site is optimized with the Yoast SEO plugin v27.4 - https:\/\/yoast.com\/product\/yoast-seo-wordpress\/ -->\n<title>Alerta IVA - Aprobaci\u00f3n del Reglamento de facturaci\u00f3n electr\u00f3nica - bln palao abogados<\/title>\n<meta name=\"robots\" content=\"index, follow, max-snippet:-1, max-image-preview:large, max-video-preview:-1\" \/>\n<link rel=\"canonical\" href=\"https:\/\/www.blnpalao.com\/en\/alerta-iva-aprobacion-del-reglamento-de-facturacion-electronica\/\" \/>\n<meta property=\"og:locale\" content=\"en_GB\" \/>\n<meta property=\"og:type\" content=\"article\" \/>\n<meta property=\"og:title\" content=\"Alerta IVA - Aprobaci\u00f3n del Reglamento de facturaci\u00f3n electr\u00f3nica - bln palao abogados\" \/>\n<meta property=\"og:description\" content=\"El 31 de marzo de 2026, el Gobierno espa\u00f1ol aprob\u00f3 el Real Decreto 238\/2026, que establece la obligaci\u00f3n de implantar un sistema de facturaci\u00f3n electr\u00f3nica entre empresas (B2B).\" \/>\n<meta property=\"og:url\" content=\"https:\/\/www.blnpalao.com\/en\/alerta-iva-aprobacion-del-reglamento-de-facturacion-electronica\/\" \/>\n<meta property=\"og:site_name\" content=\"bln palao abogados\" \/>\n<meta property=\"article:published_time\" content=\"2026-04-17T10:13:44+00:00\" \/>\n<meta property=\"article:modified_time\" content=\"2026-04-17T10:16:32+00:00\" \/>\n<meta property=\"og:image\" content=\"https:\/\/www.blnpalao.com\/wp-content\/uploads\/2026\/04\/Accounting-scaled.jpg\" \/>\n\t<meta property=\"og:image:width\" content=\"2560\" \/>\n\t<meta property=\"og:image:height\" content=\"1834\" \/>\n\t<meta property=\"og:image:type\" content=\"image\/jpeg\" \/>\n<meta name=\"author\" content=\"info@blnpalao.com\" \/>\n<meta name=\"twitter:card\" content=\"summary_large_image\" \/>\n<meta name=\"twitter:label1\" content=\"Written by\" \/>\n\t<meta name=\"twitter:data1\" content=\"info@blnpalao.com\" \/>\n\t<meta name=\"twitter:label2\" content=\"Estimated reading time\" \/>\n\t<meta name=\"twitter:data2\" content=\"1 minute\" \/>\n<script type=\"application\/ld+json\" class=\"yoast-schema-graph\">{\"@context\":\"https:\\\/\\\/schema.org\",\"@graph\":[{\"@type\":\"Article\",\"@id\":\"https:\\\/\\\/www.blnpalao.com\\\/alerta-iva-aprobacion-del-reglamento-de-facturacion-electronica\\\/#article\",\"isPartOf\":{\"@id\":\"https:\\\/\\\/www.blnpalao.com\\\/alerta-iva-aprobacion-del-reglamento-de-facturacion-electronica\\\/\"},\"author\":{\"name\":\"info@blnpalao.com\",\"@id\":\"https:\\\/\\\/www.blnpalao.com\\\/#\\\/schema\\\/person\\\/c79f5896535edaf7b99a4ab3487e9e5f\"},\"headline\":\"Alerta IVA &#8211; Aprobaci\u00f3n del Reglamento de facturaci\u00f3n electr\u00f3nica\",\"datePublished\":\"2026-04-17T10:13:44+00:00\",\"dateModified\":\"2026-04-17T10:16:32+00:00\",\"mainEntityOfPage\":{\"@id\":\"https:\\\/\\\/www.blnpalao.com\\\/alerta-iva-aprobacion-del-reglamento-de-facturacion-electronica\\\/\"},\"wordCount\":219,\"image\":{\"@id\":\"https:\\\/\\\/www.blnpalao.com\\\/alerta-iva-aprobacion-del-reglamento-de-facturacion-electronica\\\/#primaryimage\"},\"thumbnailUrl\":\"https:\\\/\\\/www.blnpalao.com\\\/wp-content\\\/uploads\\\/2026\\\/04\\\/Accounting-scaled.jpg\",\"articleSection\":[\"Bolet\u00edn informativo\",\"Impuesto sobre el Valor A\u00f1adido\"],\"inLanguage\":\"en-GB\"},{\"@type\":\"WebPage\",\"@id\":\"https:\\\/\\\/www.blnpalao.com\\\/alerta-iva-aprobacion-del-reglamento-de-facturacion-electronica\\\/\",\"url\":\"https:\\\/\\\/www.blnpalao.com\\\/alerta-iva-aprobacion-del-reglamento-de-facturacion-electronica\\\/\",\"name\":\"Alerta IVA - Aprobaci\u00f3n del Reglamento de facturaci\u00f3n electr\u00f3nica - bln palao abogados\",\"isPartOf\":{\"@id\":\"https:\\\/\\\/www.blnpalao.com\\\/#website\"},\"primaryImageOfPage\":{\"@id\":\"https:\\\/\\\/www.blnpalao.com\\\/alerta-iva-aprobacion-del-reglamento-de-facturacion-electronica\\\/#primaryimage\"},\"image\":{\"@id\":\"https:\\\/\\\/www.blnpalao.com\\\/alerta-iva-aprobacion-del-reglamento-de-facturacion-electronica\\\/#primaryimage\"},\"thumbnailUrl\":\"https:\\\/\\\/www.blnpalao.com\\\/wp-content\\\/uploads\\\/2026\\\/04\\\/Accounting-scaled.jpg\",\"datePublished\":\"2026-04-17T10:13:44+00:00\",\"dateModified\":\"2026-04-17T10:16:32+00:00\",\"author\":{\"@id\":\"https:\\\/\\\/www.blnpalao.com\\\/#\\\/schema\\\/person\\\/c79f5896535edaf7b99a4ab3487e9e5f\"},\"breadcrumb\":{\"@id\":\"https:\\\/\\\/www.blnpalao.com\\\/alerta-iva-aprobacion-del-reglamento-de-facturacion-electronica\\\/#breadcrumb\"},\"inLanguage\":\"en-GB\",\"potentialAction\":[{\"@type\":\"ReadAction\",\"target\":[\"https:\\\/\\\/www.blnpalao.com\\\/alerta-iva-aprobacion-del-reglamento-de-facturacion-electronica\\\/\"]}]},{\"@type\":\"ImageObject\",\"inLanguage\":\"en-GB\",\"@id\":\"https:\\\/\\\/www.blnpalao.com\\\/alerta-iva-aprobacion-del-reglamento-de-facturacion-electronica\\\/#primaryimage\",\"url\":\"https:\\\/\\\/www.blnpalao.com\\\/wp-content\\\/uploads\\\/2026\\\/04\\\/Accounting-scaled.jpg\",\"contentUrl\":\"https:\\\/\\\/www.blnpalao.com\\\/wp-content\\\/uploads\\\/2026\\\/04\\\/Accounting-scaled.jpg\",\"width\":2560,\"height\":1834},{\"@type\":\"BreadcrumbList\",\"@id\":\"https:\\\/\\\/www.blnpalao.com\\\/alerta-iva-aprobacion-del-reglamento-de-facturacion-electronica\\\/#breadcrumb\",\"itemListElement\":[{\"@type\":\"ListItem\",\"position\":1,\"name\":\"Portada\",\"item\":\"https:\\\/\\\/www.blnpalao.com\\\/\"},{\"@type\":\"ListItem\",\"position\":2,\"name\":\"Alerta IVA &#8211; Aprobaci\u00f3n del Reglamento de facturaci\u00f3n electr\u00f3nica\"}]},{\"@type\":\"WebSite\",\"@id\":\"https:\\\/\\\/www.blnpalao.com\\\/#website\",\"url\":\"https:\\\/\\\/www.blnpalao.com\\\/\",\"name\":\"bln palao abogados\",\"description\":\"Despacho boutique \u00fanico en el mercado\",\"potentialAction\":[{\"@type\":\"SearchAction\",\"target\":{\"@type\":\"EntryPoint\",\"urlTemplate\":\"https:\\\/\\\/www.blnpalao.com\\\/?s={search_term_string}\"},\"query-input\":{\"@type\":\"PropertyValueSpecification\",\"valueRequired\":true,\"valueName\":\"search_term_string\"}}],\"inLanguage\":\"en-GB\"},{\"@type\":\"Person\",\"@id\":\"https:\\\/\\\/www.blnpalao.com\\\/#\\\/schema\\\/person\\\/c79f5896535edaf7b99a4ab3487e9e5f\",\"name\":\"info@blnpalao.com\",\"image\":{\"@type\":\"ImageObject\",\"inLanguage\":\"en-GB\",\"@id\":\"https:\\\/\\\/secure.gravatar.com\\\/avatar\\\/a25ded9dae1adf221ccb03d56fbd7e823feb314f2f9f699b3c0bc7fbd65f841c?s=96&d=mm&r=g\",\"url\":\"https:\\\/\\\/secure.gravatar.com\\\/avatar\\\/a25ded9dae1adf221ccb03d56fbd7e823feb314f2f9f699b3c0bc7fbd65f841c?s=96&d=mm&r=g\",\"contentUrl\":\"https:\\\/\\\/secure.gravatar.com\\\/avatar\\\/a25ded9dae1adf221ccb03d56fbd7e823feb314f2f9f699b3c0bc7fbd65f841c?s=96&d=mm&r=g\",\"caption\":\"info@blnpalao.com\"},\"url\":\"https:\\\/\\\/www.blnpalao.com\\\/en\\\/author\\\/infoblnpalao-com\\\/\"}]}<\/script>\n<!-- \/ Yoast SEO plugin. -->","yoast_head_json":{"title":"Alerta IVA - Aprobaci\u00f3n del Reglamento de facturaci\u00f3n electr\u00f3nica - bln palao abogados","robots":{"index":"index","follow":"follow","max-snippet":"max-snippet:-1","max-image-preview":"max-image-preview:large","max-video-preview":"max-video-preview:-1"},"canonical":"https:\/\/www.blnpalao.com\/en\/alerta-iva-aprobacion-del-reglamento-de-facturacion-electronica\/","og_locale":"en_GB","og_type":"article","og_title":"Alerta IVA - Aprobaci\u00f3n del Reglamento de facturaci\u00f3n electr\u00f3nica - bln palao abogados","og_description":"El 31 de marzo de 2026, el Gobierno espa\u00f1ol aprob\u00f3 el Real Decreto 238\/2026, que establece la obligaci\u00f3n de implantar un sistema de facturaci\u00f3n electr\u00f3nica entre empresas (B2B).","og_url":"https:\/\/www.blnpalao.com\/en\/alerta-iva-aprobacion-del-reglamento-de-facturacion-electronica\/","og_site_name":"bln palao abogados","article_published_time":"2026-04-17T10:13:44+00:00","article_modified_time":"2026-04-17T10:16:32+00:00","og_image":[{"width":2560,"height":1834,"url":"https:\/\/www.blnpalao.com\/wp-content\/uploads\/2026\/04\/Accounting-scaled.jpg","type":"image\/jpeg"}],"author":"info@blnpalao.com","twitter_card":"summary_large_image","twitter_misc":{"Written by":"info@blnpalao.com","Estimated reading time":"1 minute"},"schema":{"@context":"https:\/\/schema.org","@graph":[{"@type":"Article","@id":"https:\/\/www.blnpalao.com\/alerta-iva-aprobacion-del-reglamento-de-facturacion-electronica\/#article","isPartOf":{"@id":"https:\/\/www.blnpalao.com\/alerta-iva-aprobacion-del-reglamento-de-facturacion-electronica\/"},"author":{"name":"info@blnpalao.com","@id":"https:\/\/www.blnpalao.com\/#\/schema\/person\/c79f5896535edaf7b99a4ab3487e9e5f"},"headline":"Alerta IVA &#8211; Aprobaci\u00f3n del Reglamento de facturaci\u00f3n electr\u00f3nica","datePublished":"2026-04-17T10:13:44+00:00","dateModified":"2026-04-17T10:16:32+00:00","mainEntityOfPage":{"@id":"https:\/\/www.blnpalao.com\/alerta-iva-aprobacion-del-reglamento-de-facturacion-electronica\/"},"wordCount":219,"image":{"@id":"https:\/\/www.blnpalao.com\/alerta-iva-aprobacion-del-reglamento-de-facturacion-electronica\/#primaryimage"},"thumbnailUrl":"https:\/\/www.blnpalao.com\/wp-content\/uploads\/2026\/04\/Accounting-scaled.jpg","articleSection":["Bolet\u00edn informativo","Impuesto sobre el Valor A\u00f1adido"],"inLanguage":"en-GB"},{"@type":"WebPage","@id":"https:\/\/www.blnpalao.com\/alerta-iva-aprobacion-del-reglamento-de-facturacion-electronica\/","url":"https:\/\/www.blnpalao.com\/alerta-iva-aprobacion-del-reglamento-de-facturacion-electronica\/","name":"Alerta IVA - Aprobaci\u00f3n del Reglamento de facturaci\u00f3n electr\u00f3nica - bln palao abogados","isPartOf":{"@id":"https:\/\/www.blnpalao.com\/#website"},"primaryImageOfPage":{"@id":"https:\/\/www.blnpalao.com\/alerta-iva-aprobacion-del-reglamento-de-facturacion-electronica\/#primaryimage"},"image":{"@id":"https:\/\/www.blnpalao.com\/alerta-iva-aprobacion-del-reglamento-de-facturacion-electronica\/#primaryimage"},"thumbnailUrl":"https:\/\/www.blnpalao.com\/wp-content\/uploads\/2026\/04\/Accounting-scaled.jpg","datePublished":"2026-04-17T10:13:44+00:00","dateModified":"2026-04-17T10:16:32+00:00","author":{"@id":"https:\/\/www.blnpalao.com\/#\/schema\/person\/c79f5896535edaf7b99a4ab3487e9e5f"},"breadcrumb":{"@id":"https:\/\/www.blnpalao.com\/alerta-iva-aprobacion-del-reglamento-de-facturacion-electronica\/#breadcrumb"},"inLanguage":"en-GB","potentialAction":[{"@type":"ReadAction","target":["https:\/\/www.blnpalao.com\/alerta-iva-aprobacion-del-reglamento-de-facturacion-electronica\/"]}]},{"@type":"ImageObject","inLanguage":"en-GB","@id":"https:\/\/www.blnpalao.com\/alerta-iva-aprobacion-del-reglamento-de-facturacion-electronica\/#primaryimage","url":"https:\/\/www.blnpalao.com\/wp-content\/uploads\/2026\/04\/Accounting-scaled.jpg","contentUrl":"https:\/\/www.blnpalao.com\/wp-content\/uploads\/2026\/04\/Accounting-scaled.jpg","width":2560,"height":1834},{"@type":"BreadcrumbList","@id":"https:\/\/www.blnpalao.com\/alerta-iva-aprobacion-del-reglamento-de-facturacion-electronica\/#breadcrumb","itemListElement":[{"@type":"ListItem","position":1,"name":"Portada","item":"https:\/\/www.blnpalao.com\/"},{"@type":"ListItem","position":2,"name":"Alerta IVA &#8211; Aprobaci\u00f3n del Reglamento de facturaci\u00f3n electr\u00f3nica"}]},{"@type":"WebSite","@id":"https:\/\/www.blnpalao.com\/#website","url":"https:\/\/www.blnpalao.com\/","name":"bln palao abogados","description":"Clearance boutique is unique in the market","potentialAction":[{"@type":"SearchAction","target":{"@type":"EntryPoint","urlTemplate":"https:\/\/www.blnpalao.com\/?s={search_term_string}"},"query-input":{"@type":"PropertyValueSpecification","valueRequired":true,"valueName":"search_term_string"}}],"inLanguage":"en-GB"},{"@type":"Person","@id":"https:\/\/www.blnpalao.com\/#\/schema\/person\/c79f5896535edaf7b99a4ab3487e9e5f","name":"info@blnpalao.com","image":{"@type":"ImageObject","inLanguage":"en-GB","@id":"https:\/\/secure.gravatar.com\/avatar\/a25ded9dae1adf221ccb03d56fbd7e823feb314f2f9f699b3c0bc7fbd65f841c?s=96&d=mm&r=g","url":"https:\/\/secure.gravatar.com\/avatar\/a25ded9dae1adf221ccb03d56fbd7e823feb314f2f9f699b3c0bc7fbd65f841c?s=96&d=mm&r=g","contentUrl":"https:\/\/secure.gravatar.com\/avatar\/a25ded9dae1adf221ccb03d56fbd7e823feb314f2f9f699b3c0bc7fbd65f841c?s=96&d=mm&r=g","caption":"info@blnpalao.com"},"url":"https:\/\/www.blnpalao.com\/en\/author\/infoblnpalao-com\/"}]}},"_links":{"self":[{"href":"https:\/\/www.blnpalao.com\/en\/wp-json\/wp\/v2\/posts\/3403","targetHints":{"allow":["GET"]}}],"collection":[{"href":"https:\/\/www.blnpalao.com\/en\/wp-json\/wp\/v2\/posts"}],"about":[{"href":"https:\/\/www.blnpalao.com\/en\/wp-json\/wp\/v2\/types\/post"}],"author":[{"embeddable":true,"href":"https:\/\/www.blnpalao.com\/en\/wp-json\/wp\/v2\/users\/3"}],"replies":[{"embeddable":true,"href":"https:\/\/www.blnpalao.com\/en\/wp-json\/wp\/v2\/comments?post=3403"}],"version-history":[{"count":4,"href":"https:\/\/www.blnpalao.com\/en\/wp-json\/wp\/v2\/posts\/3403\/revisions"}],"predecessor-version":[{"id":3411,"href":"https:\/\/www.blnpalao.com\/en\/wp-json\/wp\/v2\/posts\/3403\/revisions\/3411"}],"wp:featuredmedia":[{"embeddable":true,"href":"https:\/\/www.blnpalao.com\/en\/wp-json\/wp\/v2\/media\/3406"}],"wp:attachment":[{"href":"https:\/\/www.blnpalao.com\/en\/wp-json\/wp\/v2\/media?parent=3403"}],"wp:term":[{"taxonomy":"category","embeddable":true,"href":"https:\/\/www.blnpalao.com\/en\/wp-json\/wp\/v2\/categories?post=3403"},{"taxonomy":"post_tag","embeddable":true,"href":"https:\/\/www.blnpalao.com\/en\/wp-json\/wp\/v2\/tags?post=3403"}],"curies":[{"name":"wp","href":"https:\/\/api.w.org\/{rel}","templated":true}]}}